{"id":573,"date":"2026-02-05T22:10:30","date_gmt":"2026-02-05T22:10:30","guid":{"rendered":"https:\/\/caravanpro.eu\/blog\/?p=573"},"modified":"2026-02-05T23:04:11","modified_gmt":"2026-02-05T23:04:11","slug":"le-marche-europeen-de-la-caravane-et-du-camping-car-termine-lannee-2025-en-forte-progression","status":"publish","type":"post","link":"https:\/\/fr.caravanpro.eu\/blog\/le-marche-europeen-de-la-caravane-et-du-camping-car-termine-lannee-2025-en-forte-progression\/","title":{"rendered":"Le march\u00e9 europ\u00e9en de la caravane et du camping-car termine l\u2019ann\u00e9e 2025 en forte progression"},"content":{"rendered":"\r\n\r\n<figure class=\"wp-block-image size-full\"><img loading=\"lazy\" decoding=\"async\" width=\"1024\" height=\"559\" src=\"https:\/\/caravanpro.eu\/blog\/wp-content\/uploads\/2026\/01\/Euro-CandM-Market-Performance-2025-blog.jpg\" alt=\"\" class=\"wp-image-570\" srcset=\"https:\/\/fr.caravanpro.eu\/blog\/wp-content\/uploads\/2026\/01\/Euro-CandM-Market-Performance-2025-blog.jpg 1024w, https:\/\/fr.caravanpro.eu\/blog\/wp-content\/uploads\/2026\/01\/Euro-CandM-Market-Performance-2025-blog-300x164.jpg 300w, https:\/\/fr.caravanpro.eu\/blog\/wp-content\/uploads\/2026\/01\/Euro-CandM-Market-Performance-2025-blog-768x419.jpg 768w, https:\/\/fr.caravanpro.eu\/blog\/wp-content\/uploads\/2026\/01\/Euro-CandM-Market-Performance-2025-blog-1000x546.jpg 1000w, https:\/\/fr.caravanpro.eu\/blog\/wp-content\/uploads\/2026\/01\/Euro-CandM-Market-Performance-2025-blog-230x126.jpg 230w, https:\/\/fr.caravanpro.eu\/blog\/wp-content\/uploads\/2026\/01\/Euro-CandM-Market-Performance-2025-blog-350x191.jpg 350w, https:\/\/fr.caravanpro.eu\/blog\/wp-content\/uploads\/2026\/01\/Euro-CandM-Market-Performance-2025-blog-480x262.jpg 480w\" sizes=\"(max-width: 1024px) 100vw, 1024px\" \/><\/figure>\r\n\r\n\r\n\r\n\r\n\r\n\r\n\r\n<h3 class=\"wp-block-heading\"><strong>Les immatriculations de v\u00e9hicules de loisirs en Europe restent sup\u00e9rieures \u00e0 200\u00a0000<\/strong><\/h3>\r\n\r\n\r\n\r\n\r\n\r\n\r\n\r\n<p>Le march\u00e9 europ\u00e9en des caravanes et des camping-cars a termin\u00e9 l\u2019ann\u00e9e 2025 dans une position solide et r\u00e9siliente, soutenu par de solides chiffres d\u2019immatriculation sur les principaux march\u00e9s du continent.<\/p>\r\n\r\n\r\n\r\n\r\n\r\n\r\n\r\n<p>Selon les chiffres publi\u00e9s par le CIVD, environ <strong>215 000 nouveaux v\u00e9hicules de loisirs<\/strong> ont \u00e9t\u00e9 immatricul\u00e9s dans toute l&#8217;Europe en 2025. Bien que cela repr\u00e9sente une baisse de 2,6 % par rapport \u00e0 2024, le nombre total d&#8217;immatriculations est rest\u00e9 largement sup\u00e9rieur \u00e0 200 000, soulignant un march\u00e9 qui maintient sa position plut\u00f4t que de perdre de l&#8217;\u00e9lan.<\/p>\r\n\r\n\r\n\r\n\r\n\r\n\r\n\r\n<h3 class=\"wp-block-heading\">Les camping-cars restent en t\u00eate du march\u00e9 europ\u00e9en<\/h3>\r\n\r\n\r\n\r\n\r\n\r\n\r\n\r\n<p>Les camping-cars ont \u00e0 nouveau repr\u00e9sent\u00e9 la majorit\u00e9 des nouvelles immatriculations en 2025.<\/p>\r\n\r\n\r\n\r\n\r\n\r\n\r\n\r\n<p>Sur le total des v\u00e9hicules de loisirs immatricul\u00e9s :<\/p>\r\n\r\n\r\n\r\n\r\n\r\n\r\n\r\n<ul class=\"wp-block-list\">\r\n\r\n<li>Environ 161\u00a0000 \u00e9taient des camping-cars.<\/li>\r\n\r\n\r\n\r\n\r\n\r\n\r\n\r\n<li>Environ 54 200 caravanes ont \u00e9t\u00e9 recens\u00e9es.<\/li>\r\n\r\n<\/ul>\r\n\r\n\r\n\r\n\r\n\r\n\r\n\r\n<p>Les immatriculations de camping-cars sur les principaux march\u00e9s tels que l&#8217;Allemagne, la France et le Royaume-Uni sont rest\u00e9es globalement stables d&#8217;une ann\u00e9e sur l&#8217;autre, tandis que les immatriculations de caravanes sont \u00e9galement rest\u00e9es stables, renfor\u00e7ant ainsi la demande continue sur les deux segments du march\u00e9 des v\u00e9hicules de loisirs.<\/p>\r\n\r\n\r\n\r\n\r\n\r\n\r\n\r\n<h3 class=\"wp-block-heading\">L\u2019Allemagne et la France restent les march\u00e9s les plus dynamiques d\u2019Europe.<\/h3>\r\n\r\n\r\n\r\n\r\n\r\n\r\n\r\n<p>L\u2019Allemagne a confirm\u00e9 sa position de <strong>premier march\u00e9 europ\u00e9en des caravanes et camping-cars<\/strong>, repr\u00e9sentant <strong>plus de 40 % de toutes les nouvelles immatriculations<\/strong> en 2025.<\/p>\r\n\r\n\r\n\r\n\r\n\r\n\r\n\r\n<p>La France arrive en deuxi\u00e8me position sur le march\u00e9, repr\u00e9sentant environ 15 % des immatriculations totales. Ensemble, l&#8217;Allemagne et la France continuent de dominer le secteur europ\u00e9en des v\u00e9hicules de loisirs et jouent un r\u00f4le central dans l&#8217;\u00e9volution des tendances en mati\u00e8re de conception, d&#8217;am\u00e9nagement et d&#8217;\u00e9quipements embarqu\u00e9s.<\/p>\r\n\r\n\r\n\r\n\r\n\r\n\r\n\r\n<h3 class=\"wp-block-heading\">La Su\u00e8de se distingue comme le march\u00e9 \u00e0 la croissance la plus rapide.<\/h3>\r\n\r\n\r\n\r\n\r\n\r\n\r\n\r\n<p>Alors que la plupart des principaux march\u00e9s europ\u00e9ens ont enregistr\u00e9 des ventes stables, la Su\u00e8de s&#8217;est distingu\u00e9e en 2025, r\u00e9alisant une hausse de plus de 46 % des immatriculations de camping-cars.<\/p>\r\n\r\n\r\n\r\n\r\n\r\n\r\n\r\n<p>Cette forte augmentation est due en grande partie aux modifications apport\u00e9es \u00e0 la r\u00e9glementation fiscale nationale, ce qui souligne comment les d\u00e9cisions politiques peuvent avoir un impact direct et imm\u00e9diat sur la demande de v\u00e9hicules de loisirs dans chaque pays.<\/p>\r\n\r\n\r\n\r\n\r\n\r\n\r\n\r\n<h3 class=\"wp-block-heading\">Un march\u00e9 r\u00e9silient \u00e0 l&#8217;aube de la saison 2026<\/h3>\r\n\r\n\r\n\r\n\r\n\r\n\r\n\r\n<p>Globalement, les chiffres t\u00e9moignent de la r\u00e9silience du march\u00e9 europ\u00e9en des caravanes et camping-cars. Malgr\u00e9 un contexte \u00e9conomique incertain, la demande demeure soutenue, port\u00e9e par un int\u00e9r\u00eat constant pour la flexibilit\u00e9 des voyages, l&#8217;am\u00e9lioration de la conception des v\u00e9hicules et les innovations continues des constructeurs.<\/p>\r\n\r\n\r\n\r\n\r\n\r\n\r\n\r\n<p>Avec des immatriculations qui restent sup\u00e9rieures \u00e0 200 000 unit\u00e9s et de solides performances sur les principaux march\u00e9s europ\u00e9ens, les perspectives pour la saison 2026 restent stables et confiantes pour les acheteurs, les vendeurs, les concessionnaires et les constructeurs.<\/p>\r\n\r\n\r\n\r\n\r\n\r\n\r\n\r\n<p>Source\u00a0: CIVD \u2013 Nouvelles immatriculations en Europe, janvier\u00a02026<br><a href=\"https:\/\/www.civd.de\/en\/news\/01-2026-new-registrations\/\">https:\/\/www.civd.de\/en\/news\/01-2026-new-registrations\/<\/a><\/p>\r\n\r\n","protected":false},"excerpt":{"rendered":"<p>Les immatriculations de v\u00e9hicules de loisirs en Europe restent sup\u00e9rieures \u00e0 200\u00a0000 Le march\u00e9 europ\u00e9en des caravanes et des camping-cars a termin\u00e9 [&hellip;]<\/p>\n","protected":false},"author":1,"featured_media":570,"comment_status":"closed","ping_status":"open","sticky":false,"template":"","format":"standard","meta":{"_siteseo_robots_primary_cat":"none","_themeisle_gutenberg_block_has_review":false,"footnotes":""},"categories":[107,95],"tags":[],"class_list":["post-573","post","type-post","status-publish","format-standard","has-post-thumbnail","hentry","category-camping-cars","category-caravanes"],"_links":{"self":[{"href":"https:\/\/fr.caravanpro.eu\/blog\/wp-json\/wp\/v2\/posts\/573"}],"collection":[{"href":"https:\/\/fr.caravanpro.eu\/blog\/wp-json\/wp\/v2\/posts"}],"about":[{"href":"https:\/\/fr.caravanpro.eu\/blog\/wp-json\/wp\/v2\/types\/post"}],"author":[{"embeddable":true,"href":"https:\/\/fr.caravanpro.eu\/blog\/wp-json\/wp\/v2\/users\/1"}],"replies":[{"embeddable":true,"href":"https:\/\/fr.caravanpro.eu\/blog\/wp-json\/wp\/v2\/comments?post=573"}],"version-history":[{"count":2,"href":"https:\/\/fr.caravanpro.eu\/blog\/wp-json\/wp\/v2\/posts\/573\/revisions"}],"predecessor-version":[{"id":577,"href":"https:\/\/fr.caravanpro.eu\/blog\/wp-json\/wp\/v2\/posts\/573\/revisions\/577"}],"wp:featuredmedia":[{"embeddable":true,"href":"https:\/\/fr.caravanpro.eu\/blog\/wp-json\/wp\/v2\/media\/570"}],"wp:attachment":[{"href":"https:\/\/fr.caravanpro.eu\/blog\/wp-json\/wp\/v2\/media?parent=573"}],"wp:term":[{"taxonomy":"category","embeddable":true,"href":"https:\/\/fr.caravanpro.eu\/blog\/wp-json\/wp\/v2\/categories?post=573"},{"taxonomy":"post_tag","embeddable":true,"href":"https:\/\/fr.caravanpro.eu\/blog\/wp-json\/wp\/v2\/tags?post=573"}],"curies":[{"name":"wp","href":"https:\/\/api.w.org\/{rel}","templated":true}]}}