{"id":530,"date":"2025-12-15T22:00:02","date_gmt":"2025-12-15T22:00:02","guid":{"rendered":"https:\/\/caravanpro.eu\/blog\/?p=530"},"modified":"2025-12-15T22:00:03","modified_gmt":"2025-12-15T22:00:03","slug":"retour-sur-2025-un-ete-qui-nous-a-emmenes-loin-tres-loin","status":"publish","type":"post","link":"https:\/\/fr.caravanpro.eu\/blog\/retour-sur-2025-un-ete-qui-nous-a-emmenes-loin-tres-loin\/","title":{"rendered":"Retour sur 2025 : un \u00e9t\u00e9 qui nous a emmen\u00e9s loin, tr\u00e8s loin"},"content":{"rendered":"\r\n\r\n<figure class=\"wp-block-image size-large\"><img loading=\"lazy\" decoding=\"async\" width=\"1024\" height=\"559\" src=\"https:\/\/caravanpro.eu\/blog\/wp-content\/uploads\/2025\/12\/looking-back-on-2025-1024x559.jpg\" alt=\"\" class=\"wp-image-520\" srcset=\"https:\/\/fr.caravanpro.eu\/blog\/wp-content\/uploads\/2025\/12\/looking-back-on-2025-1024x559.jpg 1024w, https:\/\/fr.caravanpro.eu\/blog\/wp-content\/uploads\/2025\/12\/looking-back-on-2025-300x164.jpg 300w, https:\/\/fr.caravanpro.eu\/blog\/wp-content\/uploads\/2025\/12\/looking-back-on-2025-768x419.jpg 768w, https:\/\/fr.caravanpro.eu\/blog\/wp-content\/uploads\/2025\/12\/looking-back-on-2025-1536x839.jpg 1536w, https:\/\/fr.caravanpro.eu\/blog\/wp-content\/uploads\/2025\/12\/looking-back-on-2025-1000x546.jpg 1000w, https:\/\/fr.caravanpro.eu\/blog\/wp-content\/uploads\/2025\/12\/looking-back-on-2025-230x126.jpg 230w, https:\/\/fr.caravanpro.eu\/blog\/wp-content\/uploads\/2025\/12\/looking-back-on-2025-350x191.jpg 350w, https:\/\/fr.caravanpro.eu\/blog\/wp-content\/uploads\/2025\/12\/looking-back-on-2025-480x262.jpg 480w, https:\/\/fr.caravanpro.eu\/blog\/wp-content\/uploads\/2025\/12\/looking-back-on-2025.jpg 1685w\" sizes=\"(max-width: 1024px) 100vw, 1024px\" \/><\/figure>\r\n\r\n\r\n\r\n\r\n\r\n\r\n\r\n<p>Avec le recul, on peut dire que 2025 restera une ann\u00e9e que de nombreux propri\u00e9taires de caravanes, de camping-cars et de fourgons am\u00e9nag\u00e9s ne sont pas pr\u00e8s d&#8217;oublier.<\/p>\r\n\r\n\r\n\r\n\r\n\r\n\r\n\r\n<p>Si vous avez voyag\u00e9 cet \u00e9t\u00e9, il y a de fortes chances que la m\u00e9t\u00e9o ait jou\u00e9 un r\u00f4le important dans vos projets, parfois comme vous l&#8217;aviez pr\u00e9vu, et parfois pas du tout.<\/p>\r\n\r\n\r\n\r\n\r\n\r\n\r\n\r\n<h4 class=\"wp-block-heading\" id=\"A_Summer_That_Turned_Up_the_Heat\">Un \u00e9t\u00e9 caniculaire<\/h4>\r\n\r\n\r\n\r\n\r\n\r\n\r\n\r\n<p>L&#8217;\u00e9t\u00e9 2025 a \u00e9t\u00e9 marqu\u00e9 par des conditions climatiques exceptionnelles \u00e0 travers l&#8217;Europe. D\u00e8s le mois de juin, des chaleurs record ont \u00e9t\u00e9 enregistr\u00e9es dans certaines r\u00e9gions d&#8217;Europe occidentale. Les temp\u00e9ratures ont largement d\u00e9pass\u00e9 les niveaux habituels, avec des temp\u00e9ratures ressenties d\u00e9passant les 38 \u00b0C et atteignant m\u00eame pr\u00e8s de 48 \u00b0C dans des pays comme le Portugal.<\/p>\r\n\r\n\r\n\r\n\r\n\r\n\r\n\r\n<p>Pour certains, il faisait tout simplement trop chaud. Les campings ont eu du mal \u00e0 accueillir les campeurs, les plans ont chang\u00e9 et quelques voyageurs ont d\u00e9cid\u00e9 qu&#8217;il \u00e9tait temps de partir plus t\u00f4t que pr\u00e9vu.<\/p>\r\n\r\n\r\n\r\n\r\n\r\n\r\n\r\n<p>Pour d&#8217;autres ? C&#8217;\u00e9tait exactement ce qu&#8217;ils esp\u00e9raient.<\/p>\r\n\r\n\r\n\r\n\r\n\r\n\r\n\r\n<p>Le mois de juillet s&#8217;est d\u00e9roul\u00e9 de mani\u00e8re similaire, notamment dans le sud de l&#8217;Europe. En Italie et en Gr\u00e8ce, les temp\u00e9ratures ont largement d\u00e9pass\u00e9 les 7 degr\u00e9s Celsius, et les longues journ\u00e9es ensoleill\u00e9es sont devenues la norme. Certains sont rest\u00e9s sur place, adoptant le rythme des matins matinaux, des longues siestes et des soir\u00e9es en plein air une fois la chaleur retomb\u00e9e.<\/p>\r\n\r\n\r\n\r\n\r\n\r\n\r\n\r\n<p>Puis, le mois d&#8217;ao\u00fbt en a surpris plus d&#8217;un.<\/p>\r\n\r\n\r\n\r\n\r\n\r\n\r\n\r\n<p>Alors que les temp\u00e9ratures baissaient dans le sud, la chaleur s&#8217;est d\u00e9plac\u00e9e vers le nord. Certaines r\u00e9gions de Norv\u00e8ge, de Su\u00e8de et de Finlande ont connu une vague de chaleur intense de deux semaines, avec des temp\u00e9ratures sup\u00e9rieures \u00e0 30 \u00b0C pendant une dur\u00e9e bien plus longue que d&#8217;habitude. Pour ceux qui avaient pris la direction du nord en qu\u00eate de fra\u00eecheur, ce fut un rappel que m\u00eame les plans les mieux pr\u00e9par\u00e9s peuvent \u00eatre chamboul\u00e9s.<\/p>\r\n\r\n\r\n\r\n\r\n\r\n\r\n\r\n<h4 class=\"wp-block-heading\" id=\"Did_the_Weather_Change_Your_Plans?\">La m\u00e9t\u00e9o a-t-elle modifi\u00e9 vos plans ?<\/h4>\r\n\r\n\r\n\r\n\r\n\r\n\r\n\r\n<p>Pour de nombreux voyageurs, la m\u00e9t\u00e9o estivale a influenc\u00e9 leurs d\u00e9cisions en temps r\u00e9el.<\/p>\r\n\r\n\r\n\r\n\r\n\r\n\r\n\r\n<p>As-tu:<\/p>\r\n\r\n\r\n\r\n\r\n\r\n\r\n\r\n<ul class=\"wp-block-list\">\r\n\r\n<li><strong><em>Rester plus longtemps au soleil parce que les conditions \u00e9taient parfaites\u00a0?<\/em><\/strong><\/li>\r\n\r\n\r\n\r\n\r\n\r\n\r\n\r\n<li><strong><em>Devenir entrepreneur plus t\u00f4t que pr\u00e9vu car la chaleur \u00e9tait devenue insupportable\u00a0?<\/em><\/strong><\/li>\r\n\r\n\r\n\r\n\r\n\r\n\r\n\r\n<li><strong><em>Vous partez vers le nord ou vers la c\u00f4te \u00e0 la recherche de soir\u00e9es plus fra\u00eeches\u00a0?<\/em><\/strong><\/li>\r\n\r\n\r\n\r\n\r\n\r\n\r\n\r\n<li><strong><em>Ou bien adapter votre routine\u00a0: voyager t\u00f4t, se reposer aux heures les plus chaudes et profiter des soir\u00e9es en plein air\u00a0?<\/em><\/strong><\/li>\r\n\r\n<\/ul>\r\n\r\n\r\n\r\n\r\n\r\n\r\n\r\n<p>Il n&#8217;y avait pas qu&#8217;une seule fa\u00e7on de voyager cet \u00e9t\u00e9, et c&#8217;est en partie ce qui l&#8217;a rendu m\u00e9morable.<\/p>\r\n\r\n\r\n\r\n\r\n\r\n\r\n\r\n<p><strong><em>O\u00f9 2025 vous a-t-il men\u00e9\u00a0?<\/em><\/strong><\/p>\r\n\r\n\r\n\r\n\r\n\r\n\r\n\r\n<p>Avec le recul, au-del\u00e0 des temp\u00e9ratures et des destinations, ce sont souvent les petits moments qui restent grav\u00e9s dans les m\u00e9moires. Un camping paisible apr\u00e8s une longue journ\u00e9e de chaleur. Un changement d&#8217;itin\u00e9raire impr\u00e9vu. Un endroit o\u00f9 l&#8217;on ne comptait pas s&#8217;arr\u00eater, mais o\u00f9 l&#8217;on s&#8217;est attard\u00e9 plus longtemps que pr\u00e9vu.<\/p>\r\n\r\n\r\n\r\n\r\n\r\n\r\n\r\n<p>Nous aimerions donc savoir\u00a0:<\/p>\r\n\r\n\r\n\r\n\r\n\r\n\r\n\r\n<p><strong><em>Qu&#8217;as-tu fait cet \u00e9t\u00e9\u00a0?<\/em><\/strong><\/p>\r\n\r\n\r\n\r\n\r\n\r\n\r\n\r\n<p>La chaleur a-t-elle chang\u00e9 vos plans ou rendu le voyage encore plus agr\u00e9able\u00a0?<\/p>\r\n\r\n\r\n\r\n\r\n\r\n\r\n\r\n<p>Partagez votre histoire avec nous et aidez-nous \u00e0 saisir ce que signifie vraiment voyager en 2025.<\/p>\r\n\r\n","protected":false},"excerpt":{"rendered":"<p>Avec le recul, on peut dire que 2025 restera une ann\u00e9e que de nombreux propri\u00e9taires de caravanes, de camping-cars et de fourgons [&hellip;]<\/p>\n","protected":false},"author":1,"featured_media":520,"comment_status":"closed","ping_status":"open","sticky":false,"template":"","format":"standard","meta":{"_siteseo_robots_primary_cat":"none","_themeisle_gutenberg_block_has_review":false,"footnotes":""},"categories":[107,95,131,155],"tags":[],"class_list":["post-530","post","type-post","status-publish","format-standard","has-post-thumbnail","hentry","category-camping-cars","category-caravanes","category-vans-amenages","category-voyages"],"_links":{"self":[{"href":"https:\/\/fr.caravanpro.eu\/blog\/wp-json\/wp\/v2\/posts\/530"}],"collection":[{"href":"https:\/\/fr.caravanpro.eu\/blog\/wp-json\/wp\/v2\/posts"}],"about":[{"href":"https:\/\/fr.caravanpro.eu\/blog\/wp-json\/wp\/v2\/types\/post"}],"author":[{"embeddable":true,"href":"https:\/\/fr.caravanpro.eu\/blog\/wp-json\/wp\/v2\/users\/1"}],"replies":[{"embeddable":true,"href":"https:\/\/fr.caravanpro.eu\/blog\/wp-json\/wp\/v2\/comments?post=530"}],"version-history":[{"count":2,"href":"https:\/\/fr.caravanpro.eu\/blog\/wp-json\/wp\/v2\/posts\/530\/revisions"}],"predecessor-version":[{"id":534,"href":"https:\/\/fr.caravanpro.eu\/blog\/wp-json\/wp\/v2\/posts\/530\/revisions\/534"}],"wp:featuredmedia":[{"embeddable":true,"href":"https:\/\/fr.caravanpro.eu\/blog\/wp-json\/wp\/v2\/media\/520"}],"wp:attachment":[{"href":"https:\/\/fr.caravanpro.eu\/blog\/wp-json\/wp\/v2\/media?parent=530"}],"wp:term":[{"taxonomy":"category","embeddable":true,"href":"https:\/\/fr.caravanpro.eu\/blog\/wp-json\/wp\/v2\/categories?post=530"},{"taxonomy":"post_tag","embeddable":true,"href":"https:\/\/fr.caravanpro.eu\/blog\/wp-json\/wp\/v2\/tags?post=530"}],"curies":[{"name":"wp","href":"https:\/\/api.w.org\/{rel}","templated":true}]}}