{"id":394,"date":"2025-09-11T17:54:32","date_gmt":"2025-09-11T17:54:32","guid":{"rendered":"https:\/\/caravanpro.eu\/blog\/?p=394"},"modified":"2025-09-11T17:54:33","modified_gmt":"2025-09-11T17:54:33","slug":"pourquoi-nous-avons-cree-caravanpro-une-nouvelle-facon-dacheter-et-de-vendre-des-caravanes","status":"publish","type":"post","link":"https:\/\/fr.caravanpro.eu\/blog\/pourquoi-nous-avons-cree-caravanpro-une-nouvelle-facon-dacheter-et-de-vendre-des-caravanes\/","title":{"rendered":"Pourquoi nous avons cr\u00e9\u00e9 CaravanPro : une nouvelle fa\u00e7on d\u2019acheter et de vendre des caravanes"},"content":{"rendered":"\n<figure class=\"wp-block-image size-large\"><img loading=\"lazy\" decoding=\"async\" width=\"1024\" height=\"559\" src=\"https:\/\/caravanpro.eu\/blog\/wp-content\/uploads\/2025\/09\/why-we-created-caravanpro-1024x559.jpg\" alt=\"\" class=\"wp-image-383\" srcset=\"https:\/\/fr.caravanpro.eu\/blog\/wp-content\/uploads\/2025\/09\/why-we-created-caravanpro-1024x559.jpg 1024w, https:\/\/fr.caravanpro.eu\/blog\/wp-content\/uploads\/2025\/09\/why-we-created-caravanpro-300x164.jpg 300w, https:\/\/fr.caravanpro.eu\/blog\/wp-content\/uploads\/2025\/09\/why-we-created-caravanpro-768x420.jpg 768w, https:\/\/fr.caravanpro.eu\/blog\/wp-content\/uploads\/2025\/09\/why-we-created-caravanpro-1000x546.jpg 1000w, https:\/\/fr.caravanpro.eu\/blog\/wp-content\/uploads\/2025\/09\/why-we-created-caravanpro-230x126.jpg 230w, https:\/\/fr.caravanpro.eu\/blog\/wp-content\/uploads\/2025\/09\/why-we-created-caravanpro-350x191.jpg 350w, https:\/\/fr.caravanpro.eu\/blog\/wp-content\/uploads\/2025\/09\/why-we-created-caravanpro-480x262.jpg 480w, https:\/\/fr.caravanpro.eu\/blog\/wp-content\/uploads\/2025\/09\/why-we-created-caravanpro.jpg 1536w\" sizes=\"(max-width: 1024px) 100vw, 1024px\" \/><\/figure>\n\n\n\n<h3 class=\"wp-block-heading\">Une nouvelle id\u00e9e pour une passion famili\u00e8re<\/h3>\n\n\n\n<p>Les caravanes et les camping-cars font partie int\u00e9grante de la vie en Europe depuis longtemps, des vacances en famille au bord de la mer aux road trips aventureux \u00e0 travers les fronti\u00e8res. Mais lorsqu&#8217;il s&#8217;agit de les acheter et de les vendre en ligne, trop de personnes sont confront\u00e9es aux m\u00eames frustrations&nbsp;: des frais \u00e9lev\u00e9s, une visibilit\u00e9 limit\u00e9e et des plateformes qui ne comprennent pas vraiment la communaut\u00e9 des v\u00e9hicules de loisirs.<\/p>\n\n\n\n<p>C\u2019est l\u00e0 qu\u2019intervient CaravanPro.<\/p>\n\n\n\n<h3 class=\"wp-block-heading\">Le probl\u00e8me que nous avons vu<\/h3>\n\n\n\n<p>Au fil des ans, nous avons discut\u00e9 avec d&#8217;innombrables propri\u00e9taires et concessionnaires de caravanes. Les m\u00eames plaintes revenaient sans cesse&nbsp;:<\/p>\n\n\n\n<ul class=\"wp-block-list\">\n<li><strong>Annonces co\u00fbteuses<\/strong> \u2013 les annonces peuvent co\u00fbter 30 ou 40 ou parfois plus pour une seule annonce.<\/li>\n\n\n\n<li><strong>Suppl\u00e9ments cach\u00e9s<\/strong> \u2013 mises \u00e0 niveau pour les photos, annonces plus longues ou emplacements \u00ab en vedette \u00bb.<\/li>\n\n\n\n<li><strong>Port\u00e9e locale uniquement<\/strong> \u2013 caravanes annonc\u00e9es aupr\u00e8s d&#8217;un public restreint, manquant les acheteurs pr\u00eats \u00e0 voyager.<\/li>\n\n\n\n<li><strong>T\u00e9l\u00e9chargements chronophages<\/strong>&nbsp;: remplir des formulaires interminables avant m\u00eame qu&#8217;une annonce ne soit mise en ligne.<\/li>\n<\/ul>\n\n\n\n<p>Il est devenu \u00e9vident qu\u2019une meilleure solution \u00e9tait n\u00e9cessaire.<\/p>\n\n\n\n<h3 class=\"wp-block-heading\">Notre vision<\/h3>\n\n\n\n<p>Nous avons construit CaravanPro pour \u00eatre :<\/p>\n\n\n\n<div class=\"wp-block-media-text is-stacked-on-mobile\" style=\"grid-template-columns:49% auto\"><figure class=\"wp-block-media-text__media\"><img loading=\"lazy\" decoding=\"async\" width=\"1024\" height=\"576\" src=\"https:\/\/caravanpro.eu\/blog\/wp-content\/uploads\/2025\/09\/iStock-2190480623-1024x576.jpg\" alt=\"\" class=\"wp-image-385 size-full\" srcset=\"https:\/\/fr.caravanpro.eu\/blog\/wp-content\/uploads\/2025\/09\/iStock-2190480623-1024x576.jpg 1024w, https:\/\/fr.caravanpro.eu\/blog\/wp-content\/uploads\/2025\/09\/iStock-2190480623-300x169.jpg 300w, https:\/\/fr.caravanpro.eu\/blog\/wp-content\/uploads\/2025\/09\/iStock-2190480623-768x432.jpg 768w, https:\/\/fr.caravanpro.eu\/blog\/wp-content\/uploads\/2025\/09\/iStock-2190480623-1000x563.jpg 1000w, https:\/\/fr.caravanpro.eu\/blog\/wp-content\/uploads\/2025\/09\/iStock-2190480623-230x129.jpg 230w, https:\/\/fr.caravanpro.eu\/blog\/wp-content\/uploads\/2025\/09\/iStock-2190480623-350x197.jpg 350w, https:\/\/fr.caravanpro.eu\/blog\/wp-content\/uploads\/2025\/09\/iStock-2190480623-480x270.jpg 480w, https:\/\/fr.caravanpro.eu\/blog\/wp-content\/uploads\/2025\/09\/iStock-2190480623.jpg 1365w\" sizes=\"(max-width: 1024px) 100vw, 1024px\" \/><\/figure><div class=\"wp-block-media-text__content\">\n<ul class=\"wp-block-list\">\n<li><strong>Simple<\/strong> \u2013 lister votre caravane ne prend que quelques minutes, pas des heures.<\/li>\n\n\n\n<li><strong>Abordable<\/strong> \u2013 Prix raisonnables.<\/li>\n\n\n\n<li><strong>Visible<\/strong> \u2013 atteindre les acheteurs \u00e0 travers la France, l\u2019Allemagne, l\u2019Espagne, la Belgique, l\u2019Estonie, le Royaume-Uni, l\u2019Irlande, les Pays-Bas et au-del\u00e0.<\/li>\n\n\n\n<li><strong>Inclusif<\/strong> \u2013 con\u00e7u aussi bien pour les vendeurs priv\u00e9s que pour les concessionnaires professionnels.<\/li>\n<\/ul>\n<\/div><\/div>\n\n\n\n<h3 class=\"wp-block-heading\">Un accord \u00e9quitable pour les vendeurs et les acheteurs<\/h3>\n\n\n\n<p>Nous pensons que vendre sa caravane ne devrait pas co\u00fbter plus qu&#8217;un caf\u00e9 et une part de g\u00e2teau. Et les acheteurs ne devraient pas avoir \u00e0 parcourir des annonces inutiles pour trouver ce qu&#8217;ils recherchent. CaravanPro offre une meilleure exp\u00e9rience aux deux parties&nbsp;: des annonces claires, des informations claires et une audience europ\u00e9enne.<\/p>\n\n\n\n<h3 class=\"wp-block-heading\">Pourquoi lancer maintenant ?<\/h3>\n\n\n\n<p>Le caravaning est en plein essor. De plus en plus de familles, de couples et d&#8217;aventuriers choisissent les caravanes et les camping-cars pour voyager. Parall\u00e8lement, les vendeurs recherchent des alternatives aux plateformes surcharg\u00e9es et hors de prix. Nous avons pens\u00e9 que le moment \u00e9tait id\u00e9al pour lancer CaravanPro et offrir une meilleure exp\u00e9rience \u00e0 la communaut\u00e9.<\/p>\n\n\n\n<h3 class=\"wp-block-heading\">Notre offre de lancement<\/h3>\n\n\n\n<p>Pour c\u00e9l\u00e9brer notre lancement, les annonces sont \u00e0 seulement 3 \u20ac tout au long du mois de septembre.<\/p>\n\n\n\n<figure class=\"wp-block-pullquote\"><blockquote><p>Mieux encore, utilisez le code <strong>FREESEPT<\/strong> et votre premi\u00e8re annonce ne vous co\u00fbtera rien du tout.<\/p><\/blockquote><\/figure>\n\n\n\n<p>C&#8217;est notre fa\u00e7on de vous inviter \u00e0 essayer CaravanPro sans risque.<\/p>\n\n\n\n<h3 class=\"wp-block-heading\">Rejoignez la communaut\u00e9 CaravanPro<\/h3>\n\n\n\n<p>CaravanPro n&#8217;est pas seulement une place de march\u00e9. Elle a \u00e9t\u00e9 con\u00e7ue pour devenir une plateforme pour les passionn\u00e9s de caravanes et de camping-cars, proposant des conseils, des guides et des ressources pour faciliter l&#8217;acc\u00e8s \u00e0 la propri\u00e9t\u00e9.<\/p>\n\n\n\n<p>Nous aimerions que vous en fassiez partie.<\/p>\n\n\n\n<blockquote class=\"wp-block-quote is-style-plain is-layout-flow wp-block-quote-is-layout-flow\">\n<p class=\"has-text-align-center has-vivid-cyan-blue-color has-text-color has-link-color wp-elements-8877f6464165e3a4ac95e9118cdd2cdc\"><span class=\"wp-rich-text-font-awesome-icon wp-font-awesome-icon\"><svg aria-hidden=\"true\" focusable=\"false\" data-prefix=\"fas\" data-icon=\"arrow-right\" class=\"svg-inline--fa fa-arrow-right \" role=\"img\" xmlns=\"http:\/\/www.w3.org\/2000\/svg\" viewBox=\"0 0 512 512\"><path fill=\"currentColor\" d=\"M502.6 278.6c12.5-12.5 12.5-32.8 0-45.3l-160-160c-12.5-12.5-32.8-12.5-45.3 0s-12.5 32.8 0 45.3L402.7 224 32 224c-17,7 0-32 14,3-32 32s14,3 32 32 32l370,7 0-105,4 105,4c-12,5 12,5-12,5 32,8 0 45,3s32,8 12,5 45,3 0l160-160z\"><\/path><\/svg><\/span> <a href=\"https:\/\/caravanpro.eu\/signup-plans\" data-type=\"link\" data-id=\"https:\/\/caravanpro.eu\/signup-plans\">Annoncez votre caravane d\u00e8s aujourd&#8217;hui et d\u00e9couvrez \u00e0 quel point cela peut \u00eatre simple.<\/a><\/p>\n<\/blockquote>\n","protected":false},"excerpt":{"rendered":"<p>Une nouvelle id\u00e9e pour une passion famili\u00e8re Les caravanes et les camping-cars font partie int\u00e9grante de la vie en Europe depuis longtemps, [&hellip;]<\/p>\n","protected":false},"author":1,"featured_media":383,"comment_status":"closed","ping_status":"open","sticky":false,"template":"","format":"standard","meta":{"_siteseo_robots_primary_cat":"none","_themeisle_gutenberg_block_has_review":false,"footnotes":""},"categories":[107,95,145],"tags":[],"class_list":["post-394","post","type-post","status-publish","format-standard","has-post-thumbnail","hentry","category-camping-cars","category-caravanes","category-caravanpro-fr"],"_links":{"self":[{"href":"https:\/\/fr.caravanpro.eu\/blog\/wp-json\/wp\/v2\/posts\/394"}],"collection":[{"href":"https:\/\/fr.caravanpro.eu\/blog\/wp-json\/wp\/v2\/posts"}],"about":[{"href":"https:\/\/fr.caravanpro.eu\/blog\/wp-json\/wp\/v2\/types\/post"}],"author":[{"embeddable":true,"href":"https:\/\/fr.caravanpro.eu\/blog\/wp-json\/wp\/v2\/users\/1"}],"replies":[{"embeddable":true,"href":"https:\/\/fr.caravanpro.eu\/blog\/wp-json\/wp\/v2\/comments?post=394"}],"version-history":[{"count":3,"href":"https:\/\/fr.caravanpro.eu\/blog\/wp-json\/wp\/v2\/posts\/394\/revisions"}],"predecessor-version":[{"id":398,"href":"https:\/\/fr.caravanpro.eu\/blog\/wp-json\/wp\/v2\/posts\/394\/revisions\/398"}],"wp:featuredmedia":[{"embeddable":true,"href":"https:\/\/fr.caravanpro.eu\/blog\/wp-json\/wp\/v2\/media\/383"}],"wp:attachment":[{"href":"https:\/\/fr.caravanpro.eu\/blog\/wp-json\/wp\/v2\/media?parent=394"}],"wp:term":[{"taxonomy":"category","embeddable":true,"href":"https:\/\/fr.caravanpro.eu\/blog\/wp-json\/wp\/v2\/categories?post=394"},{"taxonomy":"post_tag","embeddable":true,"href":"https:\/\/fr.caravanpro.eu\/blog\/wp-json\/wp\/v2\/tags?post=394"}],"curies":[{"name":"wp","href":"https:\/\/api.w.org\/{rel}","templated":true}]}}