{"id":201,"date":"2025-05-21T15:20:59","date_gmt":"2025-05-21T15:20:59","guid":{"rendered":"https:\/\/caravanpro.eu\/blog\/?p=201"},"modified":"2025-08-03T08:15:18","modified_gmt":"2025-08-03T08:15:18","slug":"nous-sommes-en-ligne-bienvenue-sur-caravanpro","status":"publish","type":"post","link":"https:\/\/fr.caravanpro.eu\/blog\/nous-sommes-en-ligne-bienvenue-sur-caravanpro\/","title":{"rendered":"NOUS SOMMES EN LIGNE ! BIENVENUE SUR CARAVANPRO!"},"content":{"rendered":"\n<div class=\"wp-block-cover is-light has-custom-content-position is-position-top-center selector {  width: 100%; padding: 16px 0px 0px; text-align: center; background-color: #f0f0f0; }\" style=\"min-height:520px;aspect-ratio:unset;\"><span aria-hidden=\"true\" class=\"wp-block-cover__background has-background-dim-0 has-background-dim\" style=\"background-color:#d59246\"><\/span><img loading=\"lazy\" decoding=\"async\" width=\"1536\" height=\"1024\" class=\"wp-block-cover__image-background wp-image-211\" alt=\"CaravanPro Announces Launch of Website for advertising caravans and motorhomes for individuals and businesses. Users Access CaravanPro website on mobile phones and Tablets. Motorhomes and Caravans are in the background with orange sunset.\" src=\"https:\/\/caravanpro.eu\/blog\/wp-content\/uploads\/2025\/05\/CaravanPro-Launch.jpg\" style=\"object-position:70% 60%\" data-object-fit=\"cover\" data-object-position=\"70% 60%\" srcset=\"https:\/\/fr.caravanpro.eu\/blog\/wp-content\/uploads\/2025\/05\/CaravanPro-Launch.jpg 1536w, https:\/\/fr.caravanpro.eu\/blog\/wp-content\/uploads\/2025\/05\/CaravanPro-Launch-300x200.jpg 300w, https:\/\/fr.caravanpro.eu\/blog\/wp-content\/uploads\/2025\/05\/CaravanPro-Launch-1024x683.jpg 1024w, https:\/\/fr.caravanpro.eu\/blog\/wp-content\/uploads\/2025\/05\/CaravanPro-Launch-768x512.jpg 768w, https:\/\/fr.caravanpro.eu\/blog\/wp-content\/uploads\/2025\/05\/CaravanPro-Launch-1200x800.jpg 1200w, https:\/\/fr.caravanpro.eu\/blog\/wp-content\/uploads\/2025\/05\/CaravanPro-Launch-1000x667.jpg 1000w, https:\/\/fr.caravanpro.eu\/blog\/wp-content\/uploads\/2025\/05\/CaravanPro-Launch-230x153.jpg 230w, https:\/\/fr.caravanpro.eu\/blog\/wp-content\/uploads\/2025\/05\/CaravanPro-Launch-350x233.jpg 350w, https:\/\/fr.caravanpro.eu\/blog\/wp-content\/uploads\/2025\/05\/CaravanPro-Launch-480x320.jpg 480w\" sizes=\"(max-width: 1536px) 100vw, 1536px\" \/><div class=\"wp-block-cover__inner-container is-layout-flow wp-block-cover-is-layout-flow\">\n<p class=\"has-text-align-center has-white-color has-text-color has-link-color has-large-font-size wp-elements-e43aeba68d14bda31ed8c6e871dbc045\">NOUS SOMMES EN LIGNE ! BIENVENUE SUR<\/p>\n\n\n\n<p class=\"has-text-align-center has-white-color has-text-color has-link-color has-x-large-font-size wp-elements-901e1b4fd3abb1e59473dee726c4e309\"><strong>CARAVANPRO<\/strong><\/p>\n<\/div><\/div>\n\n\n\n<p class=\"has-medium-font-size\">Nous sommes ravis de le dire : <strong>CaravanPro est officiellement lanc\u00e9 !<\/strong><\/p>\n\n\n\n<p class=\"has-medium-font-size\">Que vous soyez un voyageur chevronn\u00e9, un explorateur du week-end ou que vous commenciez tout juste \u00e0 r\u00eaver de votre premier van, vous venez de trouver votre nouveau point de d\u00e9part pour tout ce qui concerne les caravanes et les camping-cars.<\/p>\n\n\n\n<p class=\"has-medium-font-size\">CaravanPro a \u00e9t\u00e9 cr\u00e9\u00e9 avec une id\u00e9e simple \u2014 faciliter la connexion, la recherche, la publication et la d\u00e9couverte du monde des v\u00e9hicules de loisirs \u00e0 travers l\u2019Europe. Des fourgons am\u00e9nag\u00e9s \u00e9l\u00e9gants aux caravanes classiques, notre mission est de rassembler acheteurs, vendeurs et passionn\u00e9s en un seul endroit facile \u00e0 utiliser.<\/p>\n\n\n\n<p class=\"has-medium-font-size\"><strong>Alors, que pouvez-vous faire sur CaravanPro ?<\/strong><\/p>\n\n\n\n<ul class=\"wp-block-list\">\n<li class=\"has-medium-font-size\">Parcourez une s\u00e9lection croissante de caravanes et de camping-cars \u00e0 vendre partout en Europe<\/li>\n\n\n\n<li class=\"has-medium-font-size\">Cr\u00e9ez votre propre annonce gratuitement (nous offrons une <strong>annonce gratuite pendant 3 mois<\/strong> pour les particuliers lors du lancement !)<\/li>\n\n\n\n<li class=\"has-medium-font-size\">D\u00e9couvrez notre catalogue de fabricants en pleine expansion<\/li>\n\n\n\n<li class=\"has-medium-font-size\">Trouvez des ressources utiles et des conseils pour la vie sur la route<\/li>\n\n\n\n<li class=\"has-medium-font-size\">Choisissez le plan qui vous convient \u2014 des <strong>comptes individuels<\/strong> aux <strong>comptes Business<\/strong> adapt\u00e9s, con\u00e7us pour les concessionnaires et les professionnels<\/li>\n<\/ul>\n\n\n\n<p class=\"has-medium-font-size\">Vous avez une entreprise ? Nous avons ce qu\u2019il vous faut avec des formules flexibles :<\/p>\n\n\n\n<ul class=\"wp-block-list\">\n<li class=\"has-medium-font-size\"><strong>Business Lite<\/strong> \u2013 parfait pour les petites entreprises de caravanes ou de camping-cars qui recherchent une solution abordable pour toucher davantage de clients<\/li>\n\n\n\n<li class=\"has-medium-font-size\"><strong>Business PRO<\/strong> \u2013 id\u00e9al pour les grands concessionnaires et les organisations ayant besoin de fonctionnalit\u00e9s avanc\u00e9es et d\u2019une meilleure visibilit\u00e9<\/li>\n<\/ul>\n\n\n\n<p class=\"has-medium-font-size\">Nous avons con\u00e7u CaravanPro pour fonctionner de mani\u00e8re fluide dans toute l\u2019Europe \u2014 du Royaume-Uni et de l\u2019Irlande \u00e0 la France, l\u2019Allemagne, l\u2019Espagne et au-del\u00e0. Et ce n\u2019est que le d\u00e9but.<\/p>\n\n\n\n<p class=\"has-medium-font-size\">Au cours des prochains mois, vous d\u00e9couvrirez de nouvelles fonctionnalit\u00e9s, des annonces toutes fra\u00eeches et des articles de blog utiles pour vous aider \u00e0 profiter pleinement de votre aventure en caravane ou en camping-car.<\/p>\n\n\n\n<p class=\"has-medium-font-size\">Pour l\u2019instant, explorez le site. Cr\u00e9ez un compte. <a href=\"\/signup-plans\">Publiez votre annonce<\/a>. Ou tout simplement, promenez-vous \u2014 et n\u2019oubliez pas de vous inscrire pour recevoir nos actualit\u00e9s, nouveaut\u00e9s et offres sp\u00e9ciales.<\/p>\n\n\n\n<p class=\"has-medium-font-size\">Merci d\u2019\u00eatre l\u00e0 depuis le d\u00e9but \u2014 nous sommes ravis de vous avoir avec nous pour cette belle aventure.<\/p>\n\n\n\n<p class=\"has-medium-font-size\">Bienvenue sur CaravanPro.<\/p>\n\n\n\n<p><\/p>\n","protected":false},"excerpt":{"rendered":"<p>Nous sommes ravis de le dire : CaravanPro est officiellement lanc\u00e9 ! Que vous soyez un voyageur chevronn\u00e9, un explorateur du week-end [&hellip;]<\/p>\n","protected":false},"author":1,"featured_media":246,"comment_status":"open","ping_status":"open","sticky":false,"template":"","format":"standard","meta":{"_siteseo_robots_primary_cat":"none","_themeisle_gutenberg_block_has_review":false,"footnotes":""},"categories":[1],"tags":[],"class_list":["post-201","post","type-post","status-publish","format-standard","has-post-thumbnail","hentry","category-uncategorized"],"_links":{"self":[{"href":"https:\/\/fr.caravanpro.eu\/blog\/wp-json\/wp\/v2\/posts\/201"}],"collection":[{"href":"https:\/\/fr.caravanpro.eu\/blog\/wp-json\/wp\/v2\/posts"}],"about":[{"href":"https:\/\/fr.caravanpro.eu\/blog\/wp-json\/wp\/v2\/types\/post"}],"author":[{"embeddable":true,"href":"https:\/\/fr.caravanpro.eu\/blog\/wp-json\/wp\/v2\/users\/1"}],"replies":[{"embeddable":true,"href":"https:\/\/fr.caravanpro.eu\/blog\/wp-json\/wp\/v2\/comments?post=201"}],"version-history":[{"count":6,"href":"https:\/\/fr.caravanpro.eu\/blog\/wp-json\/wp\/v2\/posts\/201\/revisions"}],"predecessor-version":[{"id":224,"href":"https:\/\/fr.caravanpro.eu\/blog\/wp-json\/wp\/v2\/posts\/201\/revisions\/224"}],"wp:featuredmedia":[{"embeddable":true,"href":"https:\/\/fr.caravanpro.eu\/blog\/wp-json\/wp\/v2\/media\/246"}],"wp:attachment":[{"href":"https:\/\/fr.caravanpro.eu\/blog\/wp-json\/wp\/v2\/media?parent=201"}],"wp:term":[{"taxonomy":"category","embeddable":true,"href":"https:\/\/fr.caravanpro.eu\/blog\/wp-json\/wp\/v2\/categories?post=201"},{"taxonomy":"post_tag","embeddable":true,"href":"https:\/\/fr.caravanpro.eu\/blog\/wp-json\/wp\/v2\/tags?post=201"}],"curies":[{"name":"wp","href":"https:\/\/api.w.org\/{rel}","templated":true}]}}